{"id":26173,"global_id":"spotlight-timisoara.eu\/en?id=26173","global_id_lineage":["spotlight-timisoara.eu\/en?id=26173"],"author":"3","status":"publish","date":"2020-11-09 09:21:44","date_utc":"2020-11-09 07:21:44","modified":"2022-11-26 13:03:54","modified_utc":"2022-11-26 11:03:54","url":"https:\/\/spotlight-timisoara.eu\/en\/eveniment\/vernisaj-virtual-patrimoniul-sub-reflectoare-cartierul-elisabetin-si-netti-dr-diel-o-lume-intr-un-cufar\/","rest_url":"https:\/\/spotlight-timisoara.eu\/en\/wp-json\/tribe\/events\/v1\/events\/26173","title":"Vernisaj virtual: \u201dPatrimoniul sub reflectoare. Cartierul Elisabetin \u0219i Netti dr. Diel \u2013 O lume \u00eentr-un cuf\u0103r\u201d","description":"<p><img class=\"alignright wp-image-26183\" src=\"https:\/\/spotlight-timisoara.eu\/wp-content\/uploads\/2020\/11\/Artboard-3@2x-jumate.jpg\" alt=\"\" width=\"500\" height=\"262\" srcset=\"https:\/\/spotlight-timisoara.eu\/wp-content\/uploads\/2020\/11\/Artboard-3@2x-jumate.jpg 1000w, https:\/\/spotlight-timisoara.eu\/wp-content\/uploads\/2020\/11\/Artboard-3@2x-jumate-300x157.jpg 300w, https:\/\/spotlight-timisoara.eu\/wp-content\/uploads\/2020\/11\/Artboard-3@2x-jumate-768x402.jpg 768w, https:\/\/spotlight-timisoara.eu\/wp-content\/uploads\/2020\/11\/Artboard-3@2x-jumate-960x503.jpg 960w, https:\/\/spotlight-timisoara.eu\/wp-content\/uploads\/2020\/11\/Artboard-3@2x-jumate-16x8.jpg 16w\" sizes=\"(max-width: 500px) 100vw, 500px\" \/>Universitatea Politehnica Timi\u0219oara prin Centrul de ID\/IFR \u0219i e-Learning \u00eempreun\u0103 cu Muzeul Na\u021bional al Banatului \u0219i Asocia\u021bia Timi\u0219oara 2023 &#8211; Capital\u0103 European\u0103 a Culturii v\u0103 invit\u0103 <strong>vineri, 13 noiembrie, ora 11:00 ONLINE<\/strong>, la <strong>Vernisajul Virtual al expozi\u021biei \u201ePatrimoniul sub reflectoare. Cartierul Elisabetin \u0219i Netti dr. Diel \u2013 O lume \u00eentr-un cuf\u0103r\u201d<\/strong>.<br \/>\nParticiparea este gratuit\u0103.<\/p>\n<h6><a href=\"https:\/\/upt-ro.zoom.us\/webinar\/register\/WN_mWTGSpXcSEm_DiIBfIJ9CA?fbclid=IwAR0Uv-J5nMt7uVt51-KrcX9BO3RGmorpzdZfrs-aK6qNGCE4QnmHuCx8xdk\" target=\"_blank\" rel=\"noopener noreferrer\">Completeaz\u0103 formularul \u0219i \u00eenscrie-te AICI<\/a><\/h6>\n<p>Anul 2020 are ca tem\u0103 Tactilul \u0219i aduce sub reflector pove\u0219tile \u0219i atmosfera din cartierul Elisabetin, care vor fi redate din perspectiva lui Netti dr. Diel, ale c\u0103ror amintiri extrase din fragmentele manuscrisului \u201dJurnal de familie\u201d al prof. dr. Pia Br\u00eenzeu vor contribui la ilustrarea atmosferei din via\u021ba cotidian\u0103 a cartierului de alt\u0103dat\u0103.<\/p>\n<p>Gazdele vernisajului vor fi <strong>dr. ing Diana Andone<\/strong> \u0219i <strong>Conf. dr. ing. Florin Dr\u0103gan<\/strong> \u2013 Universitatea Politehnica Timi\u0219oara, <strong>Claudiu Ila\u0219<\/strong> \u2013 Muzeul Na\u021bional al Banatului \u0219i <strong>Simona Neumann<\/strong> &#8211; Asocia\u021bia Timi\u0219oara 2023 &#8211; Capital\u0103 European\u0103 a Culturii.<\/p>\n<p>\u00cen cadrul evenimentului vor fi lansate <strong>expozi\u021bia de la Bastionul Theresia<\/strong>, <strong>expozi\u021bia stradal\u0103<\/strong> cu cele <strong>16 loca\u021bii emblematice<\/strong> din cartierul Elisabetin, dar \u0219i <strong>aplica\u021biile online, mobile \u0219i de realitate virtual\u0103<\/strong>, prin care timi\u0219orenii \u0219i nu numai sunt invita\u021bi s\u0103 descopere multiplele pove\u0219ti ale Timi\u0219oarei prin prisma lumii lui Netti Diel \u2013 o lume \u00een care istoria este transpus\u0103 virtual cu ajutorul tehnologiilor de ultim\u0103 genera\u021bie.<\/p>\n<p><a href=\"https:\/\/youtu.be\/6CqqGeV74Ns\" target=\"_blank\" rel=\"noopener\">Vezi \u00eenregistrarea evenimentului AICI<\/a><\/p>\n<p>Urm\u0103re\u0219te evenimentul \u0219i pe:<\/p>\n<p><strong>Facebook<\/strong>: <a href=\"https:\/\/www.facebook.com\/SpotlightHeritageTimisoara\" target=\"_blank\" rel=\"noopener noreferrer\">https:\/\/www.facebook.com\/SpotlightHeritageTimisoara<\/a><\/p>\n<p><strong>Twitter<\/strong>: @spotlight_TM21<\/p>\n<p><strong>Instagram<\/strong>: @spotlight_tm<\/p>\n<p>Descarc\u0103 aplica\u021biile mobile Spotlight Heritage Timi\u0219oara:<\/p>\n<p><a href=\"https:\/\/play.google.com\/store\/apps\/details?id=eu.spotlighttimisoara\" target=\"_blank\" rel=\"noopener noreferrer\">Pentru utilizatorii Android<\/a><\/p>\n<p><a href=\"https:\/\/apps.apple.com\/gb\/app\/spotlight-timi%C8%99oara\/id1484959641\" target=\"_blank\" rel=\"noopener noreferrer\">Pentru utilizatorii iOS<\/a><\/p>\n<p>&nbsp;<\/p>","excerpt":"<p>Expozi\u021biile dedicate cartierului Elisabetin, precum \u0219i aplica\u021biile online \u0219i mobile vor fi lansate \u00een cadrul Vernisajului virtual al expozi\u021biei \u201ePatrimoniul sub reflectoare. Cartierul Elisabetin \u0219i Netti dr. Diel \u2013 O lume \u00eentr-un cuf\u0103r\u201d care va avea loc vineri, 13 noiembrie, ora 13:00 ONLINE.  \u00censcrie-te aici!<\/p>","slug":"vernisaj-virtual-patrimoniul-sub-reflectoare-cartierul-elisabetin-si-netti-dr-diel-o-lume-intr-un-cufar","image":{"url":"https:\/\/spotlight-timisoara.eu\/wp-content\/uploads\/2020\/11\/Artboard-3@2x-mic.jpg","id":26174,"extension":"jpg","width":600,"height":315,"sizes":{"medium":{"width":300,"height":158,"mime-type":"image\/jpeg","url":"https:\/\/spotlight-timisoara.eu\/wp-content\/uploads\/2020\/11\/Artboard-3@2x-mic-300x158.jpg"},"thumbnail":{"width":150,"height":150,"mime-type":"image\/jpeg","url":"https:\/\/spotlight-timisoara.eu\/wp-content\/uploads\/2020\/11\/Artboard-3@2x-mic-150x150.jpg"},"trp-custom-language-flag":{"width":16,"height":8,"mime-type":"image\/jpeg","url":"https:\/\/spotlight-timisoara.eu\/wp-content\/uploads\/2020\/11\/Artboard-3@2x-mic-16x8.jpg"},"thegem-post-thumb":{"width":256,"height":256,"mime-type":"image\/jpeg","url":"https:\/\/spotlight-timisoara.eu\/wp-content\/uploads\/2020\/11\/Artboard-3@2x-mic-256x256.jpg"}}},"all_day":false,"start_date":"2020-11-13 11:00:00","start_date_details":{"year":"2020","month":"11","day":"13","hour":"11","minutes":"00","seconds":"00"},"end_date":"2020-11-13 12:00:00","end_date_details":{"year":"2020","month":"11","day":"13","hour":"12","minutes":"00","seconds":"00"},"utc_start_date":"2020-11-13 09:00:00","utc_start_date_details":{"year":"2020","month":"11","day":"13","hour":"09","minutes":"00","seconds":"00"},"utc_end_date":"2020-11-13 10:00:00","utc_end_date_details":{"year":"2020","month":"11","day":"13","hour":"10","minutes":"00","seconds":"00"},"timezone":"Europe\/Bucharest","timezone_abbr":"EET","cost":"","cost_details":{"currency_symbol":"","currency_code":"","currency_position":"suffix","values":[]},"website":"","show_map":true,"show_map_link":true,"hide_from_listings":false,"sticky":true,"featured":true,"categories":[{"name":"Event","slug":"event","term_group":0,"term_taxonomy_id":131,"taxonomy":"tribe_events_cat","description":"","parent":0,"count":57,"filter":"raw","id":131,"urls":{"self":"https:\/\/spotlight-timisoara.eu\/en\/wp-json\/tribe\/events\/v1\/categories\/131","collection":"https:\/\/spotlight-timisoara.eu\/en\/wp-json\/tribe\/events\/v1\/categories"}}],"tags":[{"name":"cartierul Elisabetin","slug":"cartierul-elisabetin","term_group":0,"term_taxonomy_id":47,"taxonomy":"post_tag","description":"","parent":0,"count":2,"filter":"raw","id":47,"urls":{"self":"https:\/\/spotlight-timisoara.eu\/en\/wp-json\/tribe\/events\/v1\/tags\/47","collection":"https:\/\/spotlight-timisoara.eu\/en\/wp-json\/tribe\/events\/v1\/tags"}},{"name":"Elisabetin 2020","slug":"elisabetin-2020","term_group":0,"term_taxonomy_id":50,"taxonomy":"post_tag","description":"","parent":0,"count":1,"filter":"raw","id":50,"urls":{"self":"https:\/\/spotlight-timisoara.eu\/en\/wp-json\/tribe\/events\/v1\/tags\/50","collection":"https:\/\/spotlight-timisoara.eu\/en\/wp-json\/tribe\/events\/v1\/tags"}},{"name":"expozitie Elisabetin","slug":"expozitie-elisabetin","term_group":0,"term_taxonomy_id":52,"taxonomy":"post_tag","description":"","parent":0,"count":1,"filter":"raw","id":52,"urls":{"self":"https:\/\/spotlight-timisoara.eu\/en\/wp-json\/tribe\/events\/v1\/tags\/52","collection":"https:\/\/spotlight-timisoara.eu\/en\/wp-json\/tribe\/events\/v1\/tags"}},{"name":"Netti dr. Diel","slug":"netti-dr-diel","term_group":0,"term_taxonomy_id":48,"taxonomy":"post_tag","description":"","parent":0,"count":2,"filter":"raw","id":48,"urls":{"self":"https:\/\/spotlight-timisoara.eu\/en\/wp-json\/tribe\/events\/v1\/tags\/48","collection":"https:\/\/spotlight-timisoara.eu\/en\/wp-json\/tribe\/events\/v1\/tags"}},{"name":"vernisaj cartier Elisabetin","slug":"vernisaj-cartier-elisabetin","term_group":0,"term_taxonomy_id":51,"taxonomy":"post_tag","description":"","parent":0,"count":1,"filter":"raw","id":51,"urls":{"self":"https:\/\/spotlight-timisoara.eu\/en\/wp-json\/tribe\/events\/v1\/tags\/51","collection":"https:\/\/spotlight-timisoara.eu\/en\/wp-json\/tribe\/events\/v1\/tags"}},{"name":"Vernisaj virtual","slug":"vernisaj-virtual","term_group":0,"term_taxonomy_id":49,"taxonomy":"post_tag","description":"","parent":0,"count":3,"filter":"raw","id":49,"urls":{"self":"https:\/\/spotlight-timisoara.eu\/en\/wp-json\/tribe\/events\/v1\/tags\/49","collection":"https:\/\/spotlight-timisoara.eu\/en\/wp-json\/tribe\/events\/v1\/tags"}}],"venue":[],"organizer":[{"id":25825,"author":"1","status":"publish","date":"2019-11-14 09:49:46","date_utc":"2019-11-14 07:49:46","modified":"2019-11-14 09:49:46","modified_utc":"2019-11-14 07:49:46","url":"https:\/\/spotlight-timisoara.eu\/en\/organizer\/spotlight-heritage-timisoara\/","organizer":"Spotlight Heritage Timisoara","slug":"spotlight-heritage-timisoara","phone":"+40 256 40 33 00","website":"https:\/\/spotlight-timisoara.eu\/","email":"contact@spotlight-timisoara.eu","json_ld":{"@type":"Person","name":"Spotlight Heritage Timisoara","description":"","url":"https:\/\/spotlight-timisoara.eu\/","telephone":"+40 256 40 33 00","email":"&#99;ontact&#64;&#115;&#112;&#111;&#116;li&#103;&#104;&#116;-&#116;&#105;&#109;&#105;&#115;oa&#114;a&#46;e&#117;","sameAs":"https:\/\/spotlight-timisoara.eu\/"},"global_id":"spotlight-timisoara.eu\/en?id=25825","global_id_lineage":["spotlight-timisoara.eu\/en?id=25825"]}],"custom_fields":[],"json_ld":{"@context":"http:\/\/schema.org","@type":"Event","name":"Vernisaj virtual: \u201dPatrimoniul sub reflectoare. Cartierul Elisabetin \u0219i Netti dr. Diel \u2013 O lume \u00eentr-un cuf\u0103r\u201d","description":"&lt;p&gt;Expozi\u021biile dedicate cartierului Elisabetin, precum \u0219i aplica\u021biile online \u0219i mobile vor fi lansate \u00een cadrul Vernisajului virtual al expozi\u021biei \u201ePatrimoniul sub reflectoare. Cartierul Elisabetin \u0219i Netti dr. Diel \u2013 O lume \u00eentr-un cuf\u0103r\u201d care va avea loc vineri, 13 noiembrie, ora 13:00 ONLINE.  \u00censcrie-te aici!&lt;\/p&gt;\\n","image":"https:\/\/spotlight-timisoara.eu\/wp-content\/uploads\/2020\/11\/Artboard-3@2x-mic.jpg","url":"https:\/\/spotlight-timisoara.eu\/en\/eveniment\/vernisaj-virtual-patrimoniul-sub-reflectoare-cartierul-elisabetin-si-netti-dr-diel-o-lume-intr-un-cufar\/","eventAttendanceMode":"https:\/\/schema.org\/OfflineEventAttendanceMode","eventStatus":"https:\/\/schema.org\/EventScheduled","startDate":"2020-11-13T11:00:00+02:00","endDate":"2020-11-13T12:00:00+02:00","organizer":{"@type":"Person","name":"Spotlight Heritage Timisoara","description":"","url":"https:\/\/spotlight-timisoara.eu\/","telephone":"+40 256 40 33 00","email":"&#99;&#111;n&#116;ac&#116;&#64;spot&#108;&#105;&#103;&#104;t-&#116;i&#109;&#105;&#115;&#111;&#97;&#114;a.&#101;&#117;","sameAs":"https:\/\/spotlight-timisoara.eu\/"},"performer":"Organization"},"event_bgcolor":"","event_text_color":""}